{"id":1149,"date":"2018-03-06T13:32:41","date_gmt":"2018-03-06T12:32:41","guid":{"rendered":"https:\/\/2018.madrid.wordcamp.org\/?p=1149"},"modified":"2018-03-06T14:01:57","modified_gmt":"2018-03-06T13:01:57","slug":"programa-wordcamp-madrid-2018","status":"publish","type":"post","link":"https:\/\/madrid.wordcamp.org\/2018\/uncategorized\/programa-wordcamp-madrid-2018\/","title":{"rendered":"\u00a1Por fin! \u00a1Ya est\u00e1 disponible el programa de WordCamp Madrid 2018!"},"content":{"rendered":"<p><img data-recalc-dims=\"1\" loading=\"lazy\" decoding=\"async\" data-attachment-id=\"1021\" data-permalink=\"https:\/\/madrid.wordcamp.org\/2018\/ubicacion\/attachment\/butacas-track-a\/\" data-orig-file=\"https:\/\/i0.wp.com\/madrid.wordcamp.org\/2018\/files\/2018\/03\/butacas-track-a.jpg?fit=1440%2C810&amp;ssl=1\" data-orig-size=\"1440,810\" data-comments-opened=\"1\" data-image-meta=\"{&quot;aperture&quot;:&quot;0&quot;,&quot;credit&quot;:&quot;&quot;,&quot;camera&quot;:&quot;&quot;,&quot;caption&quot;:&quot;&quot;,&quot;created_timestamp&quot;:&quot;0&quot;,&quot;copyright&quot;:&quot;&quot;,&quot;focal_length&quot;:&quot;0&quot;,&quot;iso&quot;:&quot;0&quot;,&quot;shutter_speed&quot;:&quot;0&quot;,&quot;title&quot;:&quot;&quot;,&quot;orientation&quot;:&quot;0&quot;}\" data-image-title=\"butacas track a\" data-image-description=\"\" data-image-caption=\"\" data-large-file=\"https:\/\/i0.wp.com\/madrid.wordcamp.org\/2018\/files\/2018\/03\/butacas-track-a.jpg?fit=640%2C360&amp;ssl=1\" class=\"alignnone size-large wp-image-1021\" src=\"https:\/\/i0.wp.com\/2018.madrid.wordcamp.org\/files\/2018\/03\/butacas-track-a-1024x576.jpg?resize=640%2C360&#038;ssl=1\" alt=\"\" width=\"640\" height=\"360\" srcset=\"https:\/\/i0.wp.com\/madrid.wordcamp.org\/2018\/files\/2018\/03\/butacas-track-a.jpg?resize=1024%2C576&amp;ssl=1 1024w, https:\/\/i0.wp.com\/madrid.wordcamp.org\/2018\/files\/2018\/03\/butacas-track-a.jpg?resize=300%2C169&amp;ssl=1 300w, https:\/\/i0.wp.com\/madrid.wordcamp.org\/2018\/files\/2018\/03\/butacas-track-a.jpg?resize=768%2C432&amp;ssl=1 768w, https:\/\/i0.wp.com\/madrid.wordcamp.org\/2018\/files\/2018\/03\/butacas-track-a.jpg?resize=500%2C281&amp;ssl=1 500w, https:\/\/i0.wp.com\/madrid.wordcamp.org\/2018\/files\/2018\/03\/butacas-track-a.jpg?resize=1000%2C563&amp;ssl=1 1000w, https:\/\/i0.wp.com\/madrid.wordcamp.org\/2018\/files\/2018\/03\/butacas-track-a.jpg?w=1440&amp;ssl=1 1440w, https:\/\/i0.wp.com\/madrid.wordcamp.org\/2018\/files\/2018\/03\/butacas-track-a.jpg?w=1280&amp;ssl=1 1280w\" sizes=\"auto, (max-width: 640px) 100vw, 640px\" \/><\/p>\n<p>Sabemos que lo estabas\u00a0esperando, y <strong>por fin est\u00e1 disponible el programa<\/strong> de actividades de <strong>WordCamp Madrid 2018<\/strong>,\u00a0 un evento que esperamos te sorprenda y sirva para afianzar tu conocimiento sobre WordPress y todo su ecosistema.<\/p>\n<h3>Tabla de contenidos<\/h3>\n<ol>\n<li><a href=\"#ponencias\">La ponencias<\/a><\/li>\n<li><a href=\"#proceso\">El proceso de selecci\u00f3n<\/a><\/li>\n<li><a href=\"#tracks\">3 tracks<\/a><\/li>\n<li><a href=\"#contributor\">Contributor Day<\/a><\/li>\n<li><a href=\"#programa\">El programa<\/a><\/li>\n<li><a href=\"#tuprograma\">Haz tu propio programa<\/a><\/li>\n<li><a href=\"#cambios\">\u00bfHabr\u00e1 cambios en el programa?<\/a><\/li>\n<li><a href=\"#ponente\">Soy ponente \u00bftengo que hacer algo?<\/a><\/li>\n<li><a href=\"#noponente\">No he sido seleccionado como ponente \u00bftengo que hacer algo?<\/a><\/li>\n<li><a href=\"#entradas\">\u00bfY para cuando las entradas?<\/a><\/li>\n<li><a href=\"#perfiles\">Nuestros perfiles sociales\u2026<\/a><\/li>\n<\/ol>\n<p>\u00bfEmpezamos?<br \/>\n<a name=\"ponencias\"><\/a><\/p>\n<h2>Las ponencias<\/h2>\n<p>Hemos recibido nada menos que <a href=\"https:\/\/2018.madrid.wordcamp.org\/anuncios\/112-ponencias-a-elegir-para-el-evento-wordpress-del-ano\/\">112 propuestas de ponencia por parte de 75 ponentes<\/a>, lo que indica el alto inter\u00e9s que hab\u00eda por participar en este gran evento WordPress, que esperamos <strong>cubra todos los gustos y necesidades<\/strong>.<br \/>\n<a name=\"proceso\"><\/a><\/p>\n<h2>El proceso de selecci\u00f3n<\/h2>\n<p>Para elegir las ponencias que pasar\u00edan a formar parte del programa definitivo realizamos un proceso que const\u00f3 de los siguientes pasos:<\/p>\n<ol>\n<li>Votaci\u00f3n p\u00fablica ciega abierta en una meetup espec\u00edfica.<\/li>\n<li>Votaci\u00f3n ciega por parte del <a href=\"https:\/\/2018.madrid.wordcamp.org\/organizadores\/\">equipo organizador de WordCamp Madrid<\/a>.<\/li>\n<li>Clasificaci\u00f3n de los ponentes con m\u00e1s votos por salas en base a 2 tipos de p\u00fablico objetivo:\n<ul>\n<li>P\u00fablico general: Track A &#8211; Contenidos, Negocio, SEO, Marketing, etc.<\/li>\n<li>Desarrolladores: Track B &#8211; Programaci\u00f3n, Dise\u00f1o, APIs, etc.<\/li>\n<li>Chill Out: Track C &#8211; Mix de ponencias menos votadas que las top pero de gran inter\u00e9s igualmente.<\/li>\n<\/ul>\n<\/li>\n<\/ol>\n<p>En los tracks A y B est\u00e1n las ponencias con\u00a0 m\u00e1s votos en cada categor\u00eda, quedando en el track C las ponencias de cada categor\u00eda que, por votos, no llegaron a entrar en los tracks A y B.<\/p>\n<p>El objetivo base de la selecci\u00f3n del programa ha sido ofrecer lo mejor para todo tipo de p\u00fablico. Por un lado, especial hincapi\u00e9 en atraer p\u00fablico nuevo, copywriters, bloggers, social managers, periodistas, escritores, marketeers; y por otra parte ofrecer el mejor contenido posible orientado a desarrolladores profesionales.<\/p>\n<p>Tambi\u00e9n hemos tenido en cuenta la consulta que realizamos entre los asistesntes de WordCamp Madrid 2017.<\/p>\n<p>Creemos que ha quedado un programa equilibrado, compensado, para todos los gustos, que mejoraremos cada a\u00f1o con tu ayuda.<br \/>\n<a name=\"tracks\"><\/a><\/p>\n<h2>3 tracks<\/h2>\n<p>Este a\u00f1o, gracias a la cantidad de aforo disponible, vamos a tener nada menos que 3 tracks, tres salas para ponencias. La distribuci\u00f3n de las tem\u00e1ticas a cubrir en cada una, ya resumidas arriba, ser\u00e1 de este modo:<\/p>\n<ul>\n<li>Track A (aforo de +600 personas): Gesti\u00f3n de contenidos, Negocio, Marketing, SEO, Comunidad<\/li>\n<li>Track B (aforo de +300 personas): Desarrollo frontend, Desarrollo backend, APIs, Dise\u00f1o, UX.<\/li>\n<li>Track C (aforo de +50 personas): Mix de talleres y ponencias.<\/li>\n<\/ul>\n<p><a name=\"contributor\"><\/a><\/p>\n<h2>Contributor Day<\/h2>\n<p>El\u00a0<em>Contributor Day<\/em>, o <strong>D\u00eda de la Comunidad<\/strong>, se celebrar\u00e1 en el <a href=\"https:\/\/www.campus.co\/madrid\/es\" target=\"_blank\" rel=\"noopener\">Campus Madrid<\/a> el domingo, y va a ser un d\u00eda especial, en el que aprender, compartir, hacer comunidad, amigos y colaboradores.<\/p>\n<p>Si hay un d\u00eda que define a la comunidad WordPress es el\u00a0<em>Contributor Day<\/em>, pues <strong>es la jornada en la que todos, cada uno en lo que puede, hacemos WordPress<\/strong>, ayudamos a que este sistema que utilizamos siga creciendo y dando servicio a m\u00e1s personas cada d\u00eda.<\/p>\n<p>Se organizan mesas de trabajo en las que aprender a colaborar en las distintas \u00e1reas de trabajo del proyecto WordPress que, al ser <em>Open Source<\/em>, est\u00e1 disponible para todos.<\/p>\n<p>Antes de formar cada mesa un l\u00edder de cada \u00e1rea, con experiencia en la misma, explicar\u00e1 y ense\u00f1ar\u00e1 a los reci\u00e9n llegados c\u00f3mo colaborar, as\u00ed que es un d\u00eda para todos.<\/p>\n<p>Para ello habr\u00e1 mesas de trabajo de\u2026<\/p>\n<ul>\n<li><strong>Comunidad<\/strong>: Donde se explica como abrir comunidad en tu localidad y obtienes ayuda para\u00a0 hacerlo.<\/li>\n<li><strong>Traducciones<\/strong>: Aqu\u00ed traducimos esos plugins y temas que usamos a diario y que nos gustar\u00eda tener en nuestro idioma.<\/li>\n<li><strong>Revisi\u00f3n de temas y plugins<\/strong>: Una mesa en la que aprendemos los criterios necesarios para que un plugin o tema est\u00e9 disponible en el directorio de WordPress.org<\/li>\n<li><strong>Core<\/strong>: La mesa de trabajo de los mejores programadores del mundo, en la que se escribe el c\u00f3digo del futuro de WordPress.<\/li>\n<li><strong>Soporte<\/strong>: El lugar m\u00e1s sencillo en el que empezar a colaborar son los foros. No hay nada m\u00e1s satisfactorio ni importante, y para un proyecto como WordPress es vital ofrece ayuda diaria a otros que, como t\u00fa, como todos nosotros, necesitamos alguien que nos ayude en un momento dado.<\/li>\n<li><strong>WordPress.tv<\/strong>: Tambi\u00e9n puedes aprender a subir a WordPress.tv los v\u00eddeos de tu comunidad.<\/li>\n<\/ul>\n<p>Como puedes comprobar hay un sitio para todos, y no son mesas de trabajo para el que ya sabe, sino para aprender a colaborar con WordPress, en las que <strong>t\u00fa empezar\u00e1s a formar parte del presente y futuro de WordPress<\/strong>.<br \/>\n<a name=\"programa\"><\/a><\/p>\n<h2>El programa<\/h2>\n<p>S\u00ed, el programa de WordCamp Madrid 2018 est\u00e1 listo. Lo tendr\u00e1s <a href=\"https:\/\/2018.madrid.wordcamp.org\/programa\/\" target=\"_blank\" rel=\"noopener\"><strong>siempre disponible en esta p\u00e1gina<\/strong><\/a>.<br \/>\n<a name=\"tuprograma\"><\/a><\/p>\n<h2>Haz tu propio programa<\/h2>\n<p>Como no es posible asistir a todas las ponencias mientras no dominemos el don de la bilocaci\u00f3n, en el programa encontrar\u00e1s unas estrellitas al lado de cada sesi\u00f3n.<\/p>\n<p><img data-recalc-dims=\"1\" loading=\"lazy\" decoding=\"async\" data-attachment-id=\"1157\" data-permalink=\"https:\/\/madrid.wordcamp.org\/2018\/uncategorized\/programa-wordcamp-madrid-2018\/attachment\/estrellitas-programa\/\" data-orig-file=\"https:\/\/i0.wp.com\/madrid.wordcamp.org\/2018\/files\/2018\/03\/estrellitas-programa.png?fit=188%2C152&amp;ssl=1\" data-orig-size=\"188,152\" data-comments-opened=\"1\" data-image-meta=\"{&quot;aperture&quot;:&quot;0&quot;,&quot;credit&quot;:&quot;&quot;,&quot;camera&quot;:&quot;&quot;,&quot;caption&quot;:&quot;&quot;,&quot;created_timestamp&quot;:&quot;0&quot;,&quot;copyright&quot;:&quot;&quot;,&quot;focal_length&quot;:&quot;0&quot;,&quot;iso&quot;:&quot;0&quot;,&quot;shutter_speed&quot;:&quot;0&quot;,&quot;title&quot;:&quot;&quot;,&quot;orientation&quot;:&quot;0&quot;}\" data-image-title=\"estrellitas programa\" data-image-description=\"\" data-image-caption=\"&lt;p&gt;Elige tus ponencias&lt;\/p&gt;\n\" data-large-file=\"https:\/\/i0.wp.com\/madrid.wordcamp.org\/2018\/files\/2018\/03\/estrellitas-programa.png?fit=188%2C152&amp;ssl=1\" class=\"alignnone size-full wp-image-1157\" src=\"https:\/\/i0.wp.com\/2018.madrid.wordcamp.org\/files\/2018\/03\/estrellitas-programa.png?resize=188%2C152&#038;ssl=1\" alt=\"\" width=\"188\" height=\"152\" \/><\/p>\n<p>Si vas marcando con estrellas la sesi\u00f3n que eljas en cada franja horaria, al final del programa, abajo a la derecha, ver\u00e1s una estrella y un icono de un sobre, desde el que &#8211; haciendo clic en \u00e9l &#8211; podr\u00e1s enviarte tu selecci\u00f3n del programa, en base a las estrellitas que hayas marcado.<\/p>\n<p><img data-recalc-dims=\"1\" loading=\"lazy\" decoding=\"async\" data-attachment-id=\"1158\" data-permalink=\"https:\/\/madrid.wordcamp.org\/2018\/uncategorized\/programa-wordcamp-madrid-2018\/attachment\/enviar-programa-email\/\" data-orig-file=\"https:\/\/i0.wp.com\/madrid.wordcamp.org\/2018\/files\/2018\/03\/enviar-programa-email.png?fit=193%2C168&amp;ssl=1\" data-orig-size=\"193,168\" data-comments-opened=\"1\" data-image-meta=\"{&quot;aperture&quot;:&quot;0&quot;,&quot;credit&quot;:&quot;&quot;,&quot;camera&quot;:&quot;&quot;,&quot;caption&quot;:&quot;&quot;,&quot;created_timestamp&quot;:&quot;0&quot;,&quot;copyright&quot;:&quot;&quot;,&quot;focal_length&quot;:&quot;0&quot;,&quot;iso&quot;:&quot;0&quot;,&quot;shutter_speed&quot;:&quot;0&quot;,&quot;title&quot;:&quot;&quot;,&quot;orientation&quot;:&quot;0&quot;}\" data-image-title=\"enviar programa email\" data-image-description=\"\" data-image-caption=\"&lt;p&gt;Env\u00edatelas por email&lt;\/p&gt;\n\" data-large-file=\"https:\/\/i0.wp.com\/madrid.wordcamp.org\/2018\/files\/2018\/03\/enviar-programa-email.png?fit=193%2C168&amp;ssl=1\" class=\"alignnone size-full wp-image-1158\" src=\"https:\/\/i0.wp.com\/2018.madrid.wordcamp.org\/files\/2018\/03\/enviar-programa-email.png?resize=193%2C168&#038;ssl=1\" alt=\"\" width=\"193\" height=\"168\" \/><\/p>\n<p><a name=\"cambios\"><\/a><\/p>\n<h2>\u00bfHabr\u00e1 cambios en el programa?<\/h2>\n<p>En principio est\u00e1 cerrado, as\u00ed que salvo fuerza mayor, como un ponente que al final no pueda participar y pr\u00e1cticamente poco m\u00e1s, este ser\u00e1 el programa definitivo.<\/p>\n<p>Puede cambiar algo la descripci\u00f3n de alguna ponencia, porque el ponente quiera explicar m\u00e1s lo que nos ense\u00f1ar\u00e1, pero nada m\u00e1s.<br \/>\n<a name=\"ponente\"><\/a><\/p>\n<h2>Soy ponente \u00bftengo que hacer algo?<\/h2>\n<p>No, tranquilo, la organizaci\u00f3n nos pondremos en contacto contigo para informarte de todos los detalles. Empieza la cuenta atr\u00e1s pero est\u00e1 todo bajo control y vamos a hacer un evento inolvidable para todos, tambi\u00e9n para ti.<br \/>\n<a name=\"noponente\"><\/a><\/p>\n<h2>No he sido seleccionado como ponente \u00bftengo que hacer algo?<\/h2>\n<p>Lo primero \u00a1Gracias! No te preocupes que habr\u00e1 oportunidad para que todos colaboremos, pero de verdad, ha sido muy dif\u00edcil elegir entre tantas buenas propuestas, de tant\u00edsima calidad.<\/p>\n<p>Te necesitamos tambi\u00e9n, para que participes, compartas, aprendamos de ti en estos d\u00edas de vivir WordPress, y nos encantar\u00e1 tenerte en WordCamp Madrid 2018 disfrutando de la comunidad.<br \/>\n<a name=\"entradas\"><\/a><\/p>\n<h2>\u00bfY para cuando las entradas?<\/h2>\n<p>Pues enseguida, pero no te preocupes que este a\u00f1o no te quedas sin entrada. Tenemos un aforo de m\u00e1s de 600 asistentes, incluso con posibilidades de ampliarlo a\u00fan m\u00e1s, as\u00ed que no te perder\u00e1s el evento WordPress del a\u00f1o.<\/p>\n<p>As\u00ed que atento a este blog y \u2026<br \/>\n<a name=\"perfiles\"><\/a><\/p>\n<h3>Nuestros perfiles sociales\u2026<\/h3>\n<ul>\n<li><strong><a href=\"https:\/\/twitter.com\/WordCampMad\">WordCamp Madrid en Twitter<\/a><\/strong>.<\/li>\n<li><strong><a href=\"https:\/\/www.facebook.com\/WordCampMadrid\/\">WordCamp Madrid en Facebook<\/a><\/strong>.<\/li>\n<li><strong><a href=\"https:\/\/twitter.com\/hashtag\/WCMadrid\">Hashtag #WCMadrid<\/a><\/strong>\u00a0para seguir todas las noticias de WordCamp Madrid<\/li>\n<\/ul>\n","protected":false},"excerpt":{"rendered":"<p>Sabemos que lo estabas\u00a0esperando, y por fin est\u00e1 disponible el programa de actividades de WordCamp Madrid 2018,\u00a0 un evento que esperamos te sorprenda y sirva para afianzar tu conocimiento sobre WordPress y todo su ecosistema. Tabla de contenidos La ponencias &hellip; <a href=\"https:\/\/madrid.wordcamp.org\/2018\/uncategorized\/programa-wordcamp-madrid-2018\/\">Sigue leyendo <span class=\"assistive-text\">\u00a1Por fin! \u00a1Ya est\u00e1 disponible el programa de WordCamp Madrid 2018!<\/span>  <span class=\"meta-nav\">&rarr;<\/span><\/a><\/p>\n","protected":false},"author":1320655,"featured_media":1021,"comment_status":"open","ping_status":"open","sticky":false,"template":"","format":"standard","meta":{"_crdt_document":"","jetpack_post_was_ever_published":false,"_jetpack_newsletter_access":"","_jetpack_dont_email_post_to_subs":false,"_jetpack_newsletter_tier_id":0,"_jetpack_memberships_contains_paywalled_content":false,"_jetpack_memberships_contains_paid_content":false,"footnotes":""},"categories":[1],"tags":[],"class_list":["post-1149","post","type-post","status-publish","format-standard","has-post-thumbnail","hentry","category-uncategorized"],"jetpack_featured_media_url":"https:\/\/i0.wp.com\/madrid.wordcamp.org\/2018\/files\/2018\/03\/butacas-track-a.jpg?fit=1440%2C810&ssl=1","jetpack_sharing_enabled":true,"_links":{"self":[{"href":"https:\/\/madrid.wordcamp.org\/2018\/wp-json\/wp\/v2\/posts\/1149","targetHints":{"allow":["GET"]}}],"collection":[{"href":"https:\/\/madrid.wordcamp.org\/2018\/wp-json\/wp\/v2\/posts"}],"about":[{"href":"https:\/\/madrid.wordcamp.org\/2018\/wp-json\/wp\/v2\/types\/post"}],"author":[{"embeddable":true,"href":"https:\/\/madrid.wordcamp.org\/2018\/wp-json\/wp\/v2\/users\/1320655"}],"replies":[{"embeddable":true,"href":"https:\/\/madrid.wordcamp.org\/2018\/wp-json\/wp\/v2\/comments?post=1149"}],"version-history":[{"count":10,"href":"https:\/\/madrid.wordcamp.org\/2018\/wp-json\/wp\/v2\/posts\/1149\/revisions"}],"predecessor-version":[{"id":1173,"href":"https:\/\/madrid.wordcamp.org\/2018\/wp-json\/wp\/v2\/posts\/1149\/revisions\/1173"}],"wp:featuredmedia":[{"embeddable":true,"href":"https:\/\/madrid.wordcamp.org\/2018\/wp-json\/wp\/v2\/media\/1021"}],"wp:attachment":[{"href":"https:\/\/madrid.wordcamp.org\/2018\/wp-json\/wp\/v2\/media?parent=1149"}],"wp:term":[{"taxonomy":"category","embeddable":true,"href":"https:\/\/madrid.wordcamp.org\/2018\/wp-json\/wp\/v2\/categories?post=1149"},{"taxonomy":"post_tag","embeddable":true,"href":"https:\/\/madrid.wordcamp.org\/2018\/wp-json\/wp\/v2\/tags?post=1149"}],"curies":[{"name":"wp","href":"https:\/\/api.w.org\/{rel}","templated":true}]}}