{"id":2549,"date":"2018-04-24T11:16:00","date_gmt":"2018-04-24T09:16:00","guid":{"rendered":"https:\/\/2018.madrid.wordcamp.org\/?p=2549"},"modified":"2018-04-30T08:06:27","modified_gmt":"2018-04-30T06:06:27","slug":"tu-hiciste-wordcamp-madrid-2018-wcmadrid-y-asi-nos-lo-has-contado","status":"publish","type":"post","link":"https:\/\/madrid.wordcamp.org\/2018\/uncategorized\/tu-hiciste-wordcamp-madrid-2018-wcmadrid-y-asi-nos-lo-has-contado\/","title":{"rendered":"T\u00fa hiciste WordCamp Madrid 2018 #WCMadrid \u2026 y as\u00ed nos lo has contado"},"content":{"rendered":"<p>Como una WordCamp no termina hasta que no escribes sobre ella, tampoco ser\u00e1 as\u00ed esta vez.<\/p>\n<p>Aqu\u00ed ir\u00e1s pudiendo leer todo lo que los asistentes han escrito ya sobre WordCamp Madrid 2018, solo nos faltas t\u00fa \u2026<\/p>\n<ul>\n<li>WCMadrid2018 &#8211; Arkangel &#8211; <a href=\"http:\/\/blog.arkangel.info\/2018\/04\/23\/wcmadrid2018\/\">http:\/\/blog.arkangel.info\/2018\/04\/23\/wcmadrid2018\/<\/a><\/li>\n<li>Mi vision de la WordCamp Madrid 2018 &#8211; Virginia Valdivia &#8211; <a href=\"http:\/\/www.virginiavaldivia.com\/2018\/04\/22\/mi-vision-de-la-wordcamp-madrid-2018\/\">http:\/\/www.virginiavaldivia.com\/2018\/04\/22\/mi-vision-de-la-wordcamp-madrid-2018\/<\/a><\/li>\n<li>WordCamp Madrid 2018 &#8211; Mi experiencia personal &#8211; Pablo L\u00f3pez &#8211;\u00a0<a href=\"https:\/\/desarrollowp.com\/blog\/noticias\/wordcamp-madrid-2018-mi-experiencia-personal\/\">https:\/\/desarrollowp.com\/blog\/noticias\/wordcamp-madrid-2018-mi-experiencia-personal\/<\/a><\/li>\n<li>WP Novatos &#8211; El backend de la WordCamp Madrid 2018 &#8211;\u00a0<a href=\"https:\/\/wpnovatos.com\/el-back-end-de-la-wcmadrid\/\">https:\/\/wpnovatos.com\/el-back-end-de-la-wcmadrid\/<\/a><\/li>\n<li>Resumen de la WordCamp Madrid 2018 &#8211; Genesis total podcast &#8211;\u00a0<a href=\"https:\/\/genesistotal.com\/podcast\/14-resumen-de-la-wordcamp-madrid-2018\/\">https:\/\/genesistotal.com\/podcast\/14-resumen-de-la-wordcamp-madrid-2018\/<\/a><\/li>\n<li>Rese\u00f1a de la WordCamp Madrid 2018 &#8211; El blog de la virgulilla &#8211;\u00a0<a href=\"https:\/\/blog.virgulilla.com\/wordcamp-madrid-2018\/\">https:\/\/blog.virgulilla.com\/wordcamp-madrid-2018\/<\/a><\/li>\n<li>preg\u00fantame [C\u00d3MO] &#8211; kiki pert\u00ed\u00f1ez &#8211;\u00a0<a href=\"https:\/\/kikipertinezh.wordpress.com\/2018\/04\/25\/preguntame-como\/\">https:\/\/kikipertinezh.wordpress.com\/2018\/04\/25\/preguntame-como\/<\/a><\/li>\n<li>WordCamp Madrid 2018: Mi primera experiencia &#8211; Jos\u00e9 Antonio Encinas &#8211;\u00a0<a href=\"https:\/\/www.jaencinas.com\/wordcamp-madrid-2018-mi-opinion\/\">https:\/\/www.jaencinas.com\/wordcamp-madrid-2018-mi-opinion\/<\/a><\/li>\n<li>WordCamp Madrid 2018 &#8211; Bea Lavela &#8211;\u00a0<a href=\"http:\/\/www.bealavela.es\/wordcamp-madrid-2018\/\">http:\/\/www.bealavela.es\/wordcamp-madrid-2018\/<\/a><\/li>\n<li>\u00a1Hola WordPress! As\u00ed vivimos la WordCamp Madrid 2018:\u00a0<a href=\"https:\/\/blog.ensalza.com\/wordcamp-madrid-2018\/\" target=\"_blank\" rel=\"noopener\">https:\/\/blog.ensalza.com\/wordcamp-madrid-2018\/<\/a><\/li>\n<li>Our takeaways from WordCamp Madrid 2018\u00a0 &#8211;\u00a0<a href=\"https:\/\/blog.worona.org\/takeaways-wordcamp-madrid-2018\/\" target=\"_blank\" rel=\"noopener\">https:\/\/blog.worona.org\/takeaways-wordcamp-madrid-2018\/<\/a><\/li>\n<li>WordPress har\u00e1 m\u00e1s visual la gesti\u00f3n de p\u00e1ginas web &#8211; EFE empresas &#8211;\u00a0<a href=\"https:\/\/www.efeempresas.com\/noticia\/wordpress-gestion-paginas-web\/\" target=\"_blank\" rel=\"noopener\">https:\/\/www.efeempresas.com\/noticia\/wordpress-gestion-paginas-web\/<\/a><\/li>\n<\/ul>\n<p>&nbsp;<\/p>\n<p>https:\/\/wpdesdezero.com\/podcast\/wordcamp-madrid-desde-dentro\/<\/p>\n<blockquote class=\"wp-embedded-content\" data-secret=\"QNZKi13Np6\"><p><a href=\"https:\/\/www.desafiodigital.es\/wordcamp-madrid-2018\/\">WordCamp Madrid 2018<\/a><\/p><\/blockquote>\n<p><iframe loading=\"lazy\" class=\"wp-embedded-content\" sandbox=\"allow-scripts\" security=\"restricted\" style=\"position: absolute; clip: rect(1px, 1px, 1px, 1px);\" title=\"\u00abWordCamp Madrid 2018\u00bb \u2014 Desaf\u00edo Digital, S.L.\" src=\"https:\/\/www.desafiodigital.es\/wordcamp-madrid-2018\/embed\/#?secret=IMQDl7amir#?secret=QNZKi13Np6\" data-secret=\"QNZKi13Np6\" width=\"600\" height=\"338\" frameborder=\"0\" marginwidth=\"0\" marginheight=\"0\" scrolling=\"no\"><\/iframe><\/p>\n<blockquote class=\"wp-embedded-content\" data-secret=\"U557g29cNM\"><p><a href=\"https:\/\/pablomoratinos.es\/wordcamp-madrid-2018-cronica-de-sociedad\/\">WordCamp Madrid 2018, cr\u00f3nica de sociedad<\/a><\/p><\/blockquote>\n<p><iframe loading=\"lazy\" class=\"wp-embedded-content\" sandbox=\"allow-scripts\" security=\"restricted\" style=\"position: absolute; clip: rect(1px, 1px, 1px, 1px);\" title=\"\u00abWordCamp Madrid 2018, cr\u00f3nica de sociedad\u00bb \u2014 Pablo Moratinos\" src=\"https:\/\/pablomoratinos.es\/wordcamp-madrid-2018-cronica-de-sociedad\/embed\/#?secret=JP4Ox69xeX#?secret=U557g29cNM\" data-secret=\"U557g29cNM\" width=\"600\" height=\"338\" frameborder=\"0\" marginwidth=\"0\" marginheight=\"0\" scrolling=\"no\"><\/iframe><\/p>\n<blockquote class=\"wp-embedded-content\" data-secret=\"m5AYpSkNOI\"><p><a href=\"https:\/\/insulacoworking.es\/insuleros-en-el-wordcamp-madrid-2018\/\">Insuleros en el WordCamp Madrid 2018<\/a><\/p><\/blockquote>\n<p><iframe loading=\"lazy\" class=\"wp-embedded-content\" sandbox=\"allow-scripts\" security=\"restricted\" style=\"position: absolute; clip: rect(1px, 1px, 1px, 1px);\" title=\"\u00abInsuleros en el WordCamp Madrid 2018\u00bb \u2014 \u00cdnsula Coworking\" src=\"https:\/\/insulacoworking.es\/insuleros-en-el-wordcamp-madrid-2018\/embed\/#?secret=ds5heVWSxi#?secret=m5AYpSkNOI\" data-secret=\"m5AYpSkNOI\" width=\"600\" height=\"338\" frameborder=\"0\" marginwidth=\"0\" marginheight=\"0\" scrolling=\"no\"><\/iframe><\/p>\n<blockquote class=\"wp-embedded-content\" data-secret=\"fgwyU0arDy\"><p><a href=\"https:\/\/davidnaviaweb.com\/blog\/wordpress\/wordcamp-madrid-2018-la-review\/\">WordCamp Madrid 2018: La review<\/a><\/p><\/blockquote>\n<p><iframe loading=\"lazy\" class=\"wp-embedded-content\" sandbox=\"allow-scripts\" security=\"restricted\" style=\"position: absolute; clip: rect(1px, 1px, 1px, 1px);\" title=\"\u00abWordCamp Madrid 2018: La review\u00bb \u2014 Davidnaviaweb.com\" src=\"https:\/\/davidnaviaweb.com\/blog\/wordpress\/wordcamp-madrid-2018-la-review\/embed\/#?secret=8HKQdEhfCR#?secret=fgwyU0arDy\" data-secret=\"fgwyU0arDy\" width=\"600\" height=\"338\" frameborder=\"0\" marginwidth=\"0\" marginheight=\"0\" scrolling=\"no\"><\/iframe><\/p>\n<blockquote class=\"wp-embedded-content\" data-secret=\"ljWRBNCz36\"><p><a href=\"https:\/\/ayudawp.com\/wordcamp-madrid-2018-un-evento-de-todos-para-todos\/\">WordCamp Madrid 2018 &#8211; Un evento de todos para todos<\/a><\/p><\/blockquote>\n<p><iframe loading=\"lazy\" class=\"wp-embedded-content\" sandbox=\"allow-scripts\" security=\"restricted\" style=\"position: absolute; clip: rect(1px, 1px, 1px, 1px);\" title=\"\u00abWordCamp Madrid 2018 &#8211; Un evento de todos para todos\u00bb \u2014 Ayuda WordPress\" src=\"https:\/\/ayudawp.com\/wordcamp-madrid-2018-un-evento-de-todos-para-todos\/embed\/#?secret=HVSoniWVtW#?secret=ljWRBNCz36\" data-secret=\"ljWRBNCz36\" width=\"600\" height=\"338\" frameborder=\"0\" marginwidth=\"0\" marginheight=\"0\" scrolling=\"no\"><\/iframe><\/p>\n<blockquote class=\"wp-embedded-content\" data-secret=\"3siVUz4wJF\"><p><a href=\"https:\/\/www.vdevidania.com\/wordcamp-madrid-2018-la-review\/\">WordCamp Madrid 2018: La review<\/a><\/p><\/blockquote>\n<p><iframe loading=\"lazy\" class=\"wp-embedded-content\" sandbox=\"allow-scripts\" security=\"restricted\" style=\"position: absolute; clip: rect(1px, 1px, 1px, 1px);\" title=\"\u00abWordCamp Madrid 2018: La review\u00bb \u2014 VdeVidania\" src=\"https:\/\/www.vdevidania.com\/wordcamp-madrid-2018-la-review\/embed\/#?secret=IdTGsv3auS#?secret=3siVUz4wJF\" data-secret=\"3siVUz4wJF\" width=\"600\" height=\"338\" frameborder=\"0\" marginwidth=\"0\" marginheight=\"0\" scrolling=\"no\"><\/iframe><\/p>\n<blockquote class=\"wp-embedded-content\" data-secret=\"QNZKi13Np6\"><p><a href=\"https:\/\/www.desafiodigital.es\/wordcamp-madrid-2018\/\">WordCamp Madrid 2018<\/a><\/p><\/blockquote>\n<p><iframe loading=\"lazy\" class=\"wp-embedded-content\" sandbox=\"allow-scripts\" security=\"restricted\" style=\"position: absolute; clip: rect(1px, 1px, 1px, 1px);\" title=\"\u00abWordCamp Madrid 2018\u00bb \u2014 Desaf\u00edo Digital, S.L.\" src=\"https:\/\/www.desafiodigital.es\/wordcamp-madrid-2018\/embed\/#?secret=IMQDl7amir#?secret=QNZKi13Np6\" data-secret=\"QNZKi13Np6\" width=\"600\" height=\"338\" frameborder=\"0\" marginwidth=\"0\" marginheight=\"0\" scrolling=\"no\"><\/iframe><\/p>\n<p>https:\/\/ericaaguado.es\/wordpress\/2018\/04\/wordcamp-de-madrid-2018\/<\/p>\n<blockquote class=\"wp-embedded-content\" data-secret=\"914pBg145d\"><p><a href=\"https:\/\/www.bthebrand.es\/bthebrand-en-wordcamp-madrid-2018\/\">Experiencia WordCamp Madrid 2018<\/a><\/p><\/blockquote>\n<p><iframe loading=\"lazy\" class=\"wp-embedded-content\" sandbox=\"allow-scripts\" security=\"restricted\" style=\"position: absolute; clip: rect(1px, 1px, 1px, 1px);\" title=\"\u00abExperiencia WordCamp Madrid 2018\u00bb \u2014 bthebrand\" src=\"https:\/\/www.bthebrand.es\/bthebrand-en-wordcamp-madrid-2018\/embed\/#?secret=TWc1q3cP9O#?secret=914pBg145d\" data-secret=\"914pBg145d\" width=\"600\" height=\"338\" frameborder=\"0\" marginwidth=\"0\" marginheight=\"0\" scrolling=\"no\"><\/iframe><\/p>\n<p>https:\/\/tabernawp.com\/wordcamp-madrid-ha-merecido-la-pena-2018-04-25.html<\/p>\n<blockquote class=\"wp-embedded-content\" data-secret=\"QlbUVrdvcl\"><p><a href=\"https:\/\/neliosoftware.com\/es\/blog\/nuestra-experiencia-wcmadrid-2018\/\">Nuestra experiencia en la WordCamp Madrid 2018<\/a><\/p><\/blockquote>\n<p><iframe loading=\"lazy\" class=\"wp-embedded-content\" sandbox=\"allow-scripts\" security=\"restricted\" style=\"position: absolute; clip: rect(1px, 1px, 1px, 1px);\" title=\"\u00abNuestra experiencia en la WordCamp Madrid 2018\u00bb \u2014 Nelio Software\" src=\"https:\/\/neliosoftware.com\/es\/blog\/nuestra-experiencia-wcmadrid-2018\/embed\/#?secret=LipsswrKDG#?secret=QlbUVrdvcl\" data-secret=\"QlbUVrdvcl\" width=\"600\" height=\"338\" frameborder=\"0\" marginwidth=\"0\" marginheight=\"0\" scrolling=\"no\"><\/iframe><\/p>\n<p><a href=\"https:\/\/www.pscp.tv\/w\/1OdKrZpwBAwKX?q=%23WCMadrid\">Persicopes grabados durante el evento<\/a> por nuestra voluntaria <a href=\"https:\/\/twitter.com\/fallinmyworld\">Zoe Morand.<\/a><\/p>\n","protected":false},"excerpt":{"rendered":"<p>Como una WordCamp no termina hasta que no escribes sobre ella, tampoco ser\u00e1 as\u00ed esta vez. Aqu\u00ed ir\u00e1s pudiendo leer todo lo que los asistentes han escrito ya sobre WordCamp Madrid 2018, solo nos faltas t\u00fa \u2026 WCMadrid2018 &#8211; Arkangel &hellip; <a href=\"https:\/\/madrid.wordcamp.org\/2018\/uncategorized\/tu-hiciste-wordcamp-madrid-2018-wcmadrid-y-asi-nos-lo-has-contado\/\">Sigue leyendo <span class=\"assistive-text\">T\u00fa hiciste WordCamp Madrid 2018 #WCMadrid \u2026 y as\u00ed nos lo has contado<\/span>  <span class=\"meta-nav\">&rarr;<\/span><\/a><\/p>\n","protected":false},"author":1320655,"featured_media":2668,"comment_status":"open","ping_status":"open","sticky":false,"template":"","format":"standard","meta":{"_crdt_document":"","jetpack_post_was_ever_published":false,"_jetpack_newsletter_access":"","_jetpack_dont_email_post_to_subs":false,"_jetpack_newsletter_tier_id":0,"_jetpack_memberships_contains_paywalled_content":false,"_jetpack_memberships_contains_paid_content":false,"footnotes":""},"categories":[1],"tags":[],"class_list":["post-2549","post","type-post","status-publish","format-standard","has-post-thumbnail","hentry","category-uncategorized"],"jetpack_featured_media_url":"https:\/\/i0.wp.com\/madrid.wordcamp.org\/2018\/files\/2018\/04\/wordcamp-madrid-1-1014x469.jpg?fit=1014%2C469&ssl=1","jetpack_sharing_enabled":true,"_links":{"self":[{"href":"https:\/\/madrid.wordcamp.org\/2018\/wp-json\/wp\/v2\/posts\/2549","targetHints":{"allow":["GET"]}}],"collection":[{"href":"https:\/\/madrid.wordcamp.org\/2018\/wp-json\/wp\/v2\/posts"}],"about":[{"href":"https:\/\/madrid.wordcamp.org\/2018\/wp-json\/wp\/v2\/types\/post"}],"author":[{"embeddable":true,"href":"https:\/\/madrid.wordcamp.org\/2018\/wp-json\/wp\/v2\/users\/1320655"}],"replies":[{"embeddable":true,"href":"https:\/\/madrid.wordcamp.org\/2018\/wp-json\/wp\/v2\/comments?post=2549"}],"version-history":[{"count":17,"href":"https:\/\/madrid.wordcamp.org\/2018\/wp-json\/wp\/v2\/posts\/2549\/revisions"}],"predecessor-version":[{"id":2774,"href":"https:\/\/madrid.wordcamp.org\/2018\/wp-json\/wp\/v2\/posts\/2549\/revisions\/2774"}],"wp:featuredmedia":[{"embeddable":true,"href":"https:\/\/madrid.wordcamp.org\/2018\/wp-json\/wp\/v2\/media\/2668"}],"wp:attachment":[{"href":"https:\/\/madrid.wordcamp.org\/2018\/wp-json\/wp\/v2\/media?parent=2549"}],"wp:term":[{"taxonomy":"category","embeddable":true,"href":"https:\/\/madrid.wordcamp.org\/2018\/wp-json\/wp\/v2\/categories?post=2549"},{"taxonomy":"post_tag","embeddable":true,"href":"https:\/\/madrid.wordcamp.org\/2018\/wp-json\/wp\/v2\/tags?post=2549"}],"curies":[{"name":"wp","href":"https:\/\/api.w.org\/{rel}","templated":true}]}}