{"id":5,"date":"2018-01-15T12:00:12","date_gmt":"2018-01-15T11:00:12","guid":{"rendered":"https:\/\/2018.madrid.wordcamp.org\/?p=5"},"modified":"2018-03-16T20:54:01","modified_gmt":"2018-03-16T19:54:01","slug":"llamada-a-ponentes","status":"publish","type":"post","link":"https:\/\/madrid.wordcamp.org\/2018\/uncategorized\/llamada-a-ponentes\/","title":{"rendered":"Llamada a ponentes"},"content":{"rendered":"<p><span style=\"color: #ff0000\"><strong>\u00a1GRACIAS A TODOS POR ENVIAR VUESTRAS PROPUESTAS, CERRADO EL PLAZO DE RECEPCI\u00d3N DE PONENCIAS AVISAREMOS EN BREVE DEL PROGRAMA!<\/strong><\/span><\/p>\n<p><img data-recalc-dims=\"1\" loading=\"lazy\" decoding=\"async\" data-attachment-id=\"331\" data-permalink=\"https:\/\/madrid.wordcamp.org\/2018\/uncategorized\/bienvenidos-a-la-segunda-wordcamp-madrid\/attachment\/825x315_fb\/\" data-orig-file=\"https:\/\/i0.wp.com\/madrid.wordcamp.org\/2018\/files\/2018\/01\/825x315_FB.jpg?fit=825%2C315&amp;ssl=1\" data-orig-size=\"825,315\" data-comments-opened=\"1\" data-image-meta=\"{&quot;aperture&quot;:&quot;0&quot;,&quot;credit&quot;:&quot;&quot;,&quot;camera&quot;:&quot;&quot;,&quot;caption&quot;:&quot;&quot;,&quot;created_timestamp&quot;:&quot;0&quot;,&quot;copyright&quot;:&quot;&quot;,&quot;focal_length&quot;:&quot;0&quot;,&quot;iso&quot;:&quot;0&quot;,&quot;shutter_speed&quot;:&quot;0&quot;,&quot;title&quot;:&quot;&quot;,&quot;orientation&quot;:&quot;0&quot;}\" data-image-title=\"825x315_FB\" data-image-description=\"\" data-image-caption=\"\" data-large-file=\"https:\/\/i0.wp.com\/madrid.wordcamp.org\/2018\/files\/2018\/01\/825x315_FB.jpg?fit=640%2C244&amp;ssl=1\" class=\"alignnone size-full wp-image-331\" src=\"https:\/\/i0.wp.com\/2018.madrid.wordcamp.org\/files\/2018\/01\/825x315_FB.jpg?resize=640%2C244&#038;ssl=1\" alt=\"\" width=\"640\" height=\"244\" srcset=\"https:\/\/i0.wp.com\/madrid.wordcamp.org\/2018\/files\/2018\/01\/825x315_FB.jpg?w=825&amp;ssl=1 825w, https:\/\/i0.wp.com\/madrid.wordcamp.org\/2018\/files\/2018\/01\/825x315_FB.jpg?resize=300%2C115&amp;ssl=1 300w, https:\/\/i0.wp.com\/madrid.wordcamp.org\/2018\/files\/2018\/01\/825x315_FB.jpg?resize=768%2C293&amp;ssl=1 768w, https:\/\/i0.wp.com\/madrid.wordcamp.org\/2018\/files\/2018\/01\/825x315_FB.jpg?resize=500%2C191&amp;ssl=1 500w\" sizes=\"auto, (max-width: 640px) 100vw, 640px\" \/><\/p>\n<p>Para la segunda\u00a0<strong>WordCamp Madrid<\/strong>\u00a0queremos tener la mejor lista de ponentes posible y contigo podemos hacerlo realidad.<\/p>\n<p>El evento tendr\u00e1 lugar en <strong><a href=\"http:\/\/www.lanavemadrid.com\" target=\"_blank\" rel=\"noopener\">La Nave<\/a> de Madrid<\/strong> y el D\u00eda de Comunidad (<em>Contributor Day<\/em>) en\u00a0<a href=\"https:\/\/www.campus.co\/madrid\/es\" target=\"_blank\" rel=\"noopener\">Campus Madrid<\/a> los d\u00edas<strong> 21 y 22 de abril de 2018 respectivamente,<\/strong>\u00a0y reuniremos a decenas de\u00a0dise\u00f1adores, desarrolladores, emprendedores, empresarios, bloggers y formadores cuya pasi\u00f3n por WordPress les har\u00e1\u00a0viajar hasta Madrid.<\/p>\n<p>Con un aforo medio de 450 asistentes esta va a ser la mayor WordCamp del a\u00f1o en Espa\u00f1a con toda seguridad, por lo que la audiencia espera lo mejor de los ponentes.<\/p>\n<p>Si tienes una historia que contar que enamore a cualquier usuario de WordPress puedes proponerte\u00a0como ponente.<\/p>\n<p>&nbsp;<\/p>\n<h2>FORMATO DE LAS PONENCIAS Y GU\u00cdA DE ACEPTACI\u00d3N<\/h2>\n<p>Como WordCamp, tenemos la oportunidad -y en parte el deber- de mostrar lo mejor de WordPress en Madrid, Tenemos muchos y muy buenos profesionales que pueden compartir su conocimiento y experiencias, y ayudar al resto de asistentes; tambi\u00e9n a nivel nacional por supuesto. Queremos contar, sobre todo, con ponencias bien preparadas, originales, novedosas&#8230;<\/p>\n<p>Nos gustar\u00eda contar con ponentes experimentados y ponencias bien preparadas. Las sesiones deben ser\u00a0de 30 minutos de duraci\u00f3n con 10 minutos adicionales para que los asistentes puedan preguntar sus dudas. Si tienes m\u00e1s de una idea puedes enviarlas todas, nosotros seleccionaremos la que m\u00e1s encaje con el programa. Por favor, env\u00eda una propuesta en cada formulario.<\/p>\n<p>&nbsp;<\/p>\n<h2>\u00bfQU\u00c9 ESTAMOS BUSCANDO?<\/h2>\n<p>Queremos algo nuevo, <strong>no nos gustan los temas refritos de otras ponencias que se pueden encontrar en wordpress.tv<\/strong>. Queremos presentaciones <strong>innovadoras<\/strong>, que traten de temas actuales, que cuenten una experiencia, para que podamos todos aprender y ponernos al d\u00eda.<\/p>\n<p>Nos gustar\u00eda contar con temas que sean bien presentados como historia, que profundicen dentro de \u00e1reas espec\u00edficas mientras inspiran a la audiencia. Despu\u00e9s del evento, queremos que\u00a0nuestra audiencia tenga\u00a0ganas de crear cosas, implementar nuevas estrategias de negocio o involucrarse (todav\u00eda m\u00e1s) con la comunidad WordPress.<\/p>\n<p>\u00bfYa tienes algo en mente? \u00a1Entonces env\u00eda tu propuesta ya!<\/p>\n<p><em><strong>NOTA<\/strong>: Recuerda que todos los ponentes de todas las WordCamp del mundo son voluntarios. Ning\u00fan ponente, organizador o voluntario cobra nada; todos aportamos nuestro granito de arena para que eventos como este salgan adelante. As\u00ed podemos difundir el conocimiento all\u00e1 donde haya una comunidad<\/em> \ud83d\ude42<\/p>\n<p>Para ayudarte a preparar tu propuesta, aqu\u00ed hay algunos temas de ejemplo que creemos ser\u00edan interesantes para nuestra audiencia, \u00a1pero que no son los \u00fanicos!<\/p>\n<p>&nbsp;<\/p>\n<h2>NEGOCIO<\/h2>\n<ul>\n<li>Estrategias para el crecimiento del negocio y retos de crecimiento (historias reales, casos de estudio, an\u00e1lisis de competidores, diferenciaci\u00f3n, etc)<\/li>\n<li>Gesti\u00f3n de equipos, atenci\u00f3n al cliente\u2026<\/li>\n<li>Estrategias de producto (an\u00e1lisis de competidores, diferenciaci\u00f3n, etc)<\/li>\n<li>Gesti\u00f3n de marca, identidad corporativa y reputaci\u00f3n online (c\u00f3mo construir una marca fuerte, gesti\u00f3n de crisis, etc)<\/li>\n<li>Consejos de optimizaci\u00f3n de negocio para desarrolladores freelance.<\/li>\n<li>Orientaci\u00f3n legal, normativas y legislaci\u00f3n aplicable a la web en Espa\u00f1a.<\/li>\n<\/ul>\n<p>&nbsp;<\/p>\n<h2>CONTENIDO, MARKETING, SEO Y COMUNIDAD<\/h2>\n<ul>\n<li>Estrategias de contenido.<\/li>\n<li>SEO &amp; SEM<\/li>\n<li>Anal\u00edtica y CRO.<\/li>\n<li>Optimizaci\u00f3n de landing pages.<\/li>\n<li>Email Marketing, gesti\u00f3n de suscripciones.<\/li>\n<li>Gesti\u00f3n de redes sociales.<\/li>\n<li>Gu\u00edas pr\u00e1cticas de c\u00f3mo involucrarse con la Comunidad.<\/li>\n<\/ul>\n<p>&nbsp;<\/p>\n<h2>DISE\u00d1O<\/h2>\n<ul>\n<li>T\u00e9cnicas efectivas de dise\u00f1o (mobile-first, data-driven design, etc)<\/li>\n<li>CSS Grid, Flexbox&#8230;<\/li>\n<li>Dise\u00f1ando experiencias de usuario para m\u00faltiples dispositivos\/plataformas.<\/li>\n<li>Nuevas tendencias en los est\u00e1ndares web y c\u00f3mo hacer buen uso de ellas (HTML5, CSS, SVG)<\/li>\n<li>Responsive web design y tipograf\u00edas en la web.<\/li>\n<\/ul>\n<p>&nbsp;<\/p>\n<h2>DESARROLLO<\/h2>\n<ul>\n<li>Demostremos que WordPress es para algo m\u00e1s que para hacer un blog<\/li>\n<li>Nuevos lenguajes, herramientas o utilidades que nos ayuden a ser mejores desarrolladores WordPress.<\/li>\n<li>WordPress REST API<\/li>\n<li>Gutenberg<\/li>\n<li>Utilizar las herramientas JavaScript modernas para desarrollar front-end con WordPress.<\/li>\n<li>Gestionar proyectos de WordPress realmente grandes -tanto a nivel de equipo como de reto tecnol\u00f3gico, como de aplicaciones web complejas.<\/li>\n<li>Historias reales de automatizaci\u00f3n de pruebas (end-to-end, integraci\u00f3n, navegador, unit).<\/li>\n<li>Optimizaci\u00f3n y configuraci\u00f3n a nivel servidor (HHVM, por ejemplo).<\/li>\n<\/ul>\n<p>&nbsp;<\/p>\n<p>NOTA: Estos temas son s\u00f3lo para inspirarse, no son exhaustivos. Queremos que tu propuesta se base en tu experiencia, no en lo que crees que queremos ver. Si quieres discutir tu idea antes de enviar tu propuesta, escr\u00edbenos desde la p\u00e1gina de <a href=\"https:\/\/2018.madrid.wordcamp.org\/contactar\/\" target=\"_blank\" rel=\"noopener\">contacto<\/a>\u00a0y estaremos encantados en ayudarte.<\/p>\n<p>&nbsp;<\/p>\n<h2>FECHA L\u00cdMITE PARA LAS PROPUESTAS\u00a0DE PONENTES<\/h2>\n<p><strong>Esperamos tu estupenda propuesta hasta el d\u00eda 15 de febrero de 2018<\/strong>. Organizaremos una meetup el d\u00eda 20 para votar las ponencias que m\u00e1s nos gusten entre todos los miembros de la comunidad que deseen acudir, y cerrar publicar el programa definitivo el 26 de febrero. Cuanto antes la env\u00edes m\u00e1s posibilidades tendr\u00e1s de ser seleccionado\/a.<\/p>\n<p>Eso es todo, \u00a1estamos esperando que te propongas!<\/p>\n<p>Si quieres proponer varias propuestas, por favor env\u00edalos en diferentes formularios.<\/p>\n","protected":false},"excerpt":{"rendered":"<p>\u00a1GRACIAS A TODOS POR ENVIAR VUESTRAS PROPUESTAS, CERRADO EL PLAZO DE RECEPCI\u00d3N DE PONENCIAS AVISAREMOS EN BREVE DEL PROGRAMA! Para la segunda\u00a0WordCamp Madrid\u00a0queremos tener la mejor lista de ponentes posible y contigo podemos hacerlo realidad. El evento tendr\u00e1 lugar en &hellip; <a href=\"https:\/\/madrid.wordcamp.org\/2018\/uncategorized\/llamada-a-ponentes\/\">Sigue leyendo <span class=\"assistive-text\">Llamada a ponentes<\/span>  <span class=\"meta-nav\">&rarr;<\/span><\/a><\/p>\n","protected":false},"author":1320655,"featured_media":331,"comment_status":"open","ping_status":"open","sticky":false,"template":"","format":"standard","meta":{"_crdt_document":"","jetpack_post_was_ever_published":false,"_jetpack_newsletter_access":"","_jetpack_dont_email_post_to_subs":false,"_jetpack_newsletter_tier_id":0,"_jetpack_memberships_contains_paywalled_content":false,"_jetpack_memberships_contains_paid_content":false,"footnotes":""},"categories":[1,10659],"tags":[],"class_list":["post-5","post","type-post","status-publish","format-standard","has-post-thumbnail","hentry","category-uncategorized","category-ponencias"],"jetpack_featured_media_url":"https:\/\/i0.wp.com\/madrid.wordcamp.org\/2018\/files\/2018\/01\/825x315_FB.jpg?fit=825%2C315&ssl=1","jetpack_sharing_enabled":true,"_links":{"self":[{"href":"https:\/\/madrid.wordcamp.org\/2018\/wp-json\/wp\/v2\/posts\/5","targetHints":{"allow":["GET"]}}],"collection":[{"href":"https:\/\/madrid.wordcamp.org\/2018\/wp-json\/wp\/v2\/posts"}],"about":[{"href":"https:\/\/madrid.wordcamp.org\/2018\/wp-json\/wp\/v2\/types\/post"}],"author":[{"embeddable":true,"href":"https:\/\/madrid.wordcamp.org\/2018\/wp-json\/wp\/v2\/users\/1320655"}],"replies":[{"embeddable":true,"href":"https:\/\/madrid.wordcamp.org\/2018\/wp-json\/wp\/v2\/comments?post=5"}],"version-history":[{"count":27,"href":"https:\/\/madrid.wordcamp.org\/2018\/wp-json\/wp\/v2\/posts\/5\/revisions"}],"predecessor-version":[{"id":1911,"href":"https:\/\/madrid.wordcamp.org\/2018\/wp-json\/wp\/v2\/posts\/5\/revisions\/1911"}],"wp:featuredmedia":[{"embeddable":true,"href":"https:\/\/madrid.wordcamp.org\/2018\/wp-json\/wp\/v2\/media\/331"}],"wp:attachment":[{"href":"https:\/\/madrid.wordcamp.org\/2018\/wp-json\/wp\/v2\/media?parent=5"}],"wp:term":[{"taxonomy":"category","embeddable":true,"href":"https:\/\/madrid.wordcamp.org\/2018\/wp-json\/wp\/v2\/categories?post=5"},{"taxonomy":"post_tag","embeddable":true,"href":"https:\/\/madrid.wordcamp.org\/2018\/wp-json\/wp\/v2\/tags?post=5"}],"curies":[{"name":"wp","href":"https:\/\/api.w.org\/{rel}","templated":true}]}}