{"id":1962,"date":"2023-07-09T15:20:46","date_gmt":"2023-07-09T13:20:46","guid":{"rendered":"https:\/\/madrid.wordcamp.org\/2023\/?p=1962"},"modified":"2023-09-02T12:49:42","modified_gmt":"2023-09-02T10:49:42","slug":"una-osa-y-un-madrono-nuestro-logotipo","status":"publish","type":"post","link":"https:\/\/madrid.wordcamp.org\/2023\/una-osa-y-un-madrono-nuestro-logotipo\/","title":{"rendered":"Una osa y un madro\u00f1o: nuestro logotipo"},"content":{"rendered":"\n<p class=\"wp-block-paragraph\">Durante la <strong>WordCamp Madrid 2023<\/strong> estar\u00e1 muy presente nuestro logotipo, formado por la silueta de una osa erguida sobre un madro\u00f1o, y queremos explicarte su significado.<\/p>\n\n\n\n<p class=\"wp-block-paragraph\">Para crear el logotipo, nuestro equipo de dise\u00f1o se bas\u00f3 en \u00abLa osa y el madro\u00f1o\u00bb, los s\u00edmbolos que representan a nuestra ciudad y que se encuentran en el escudo her\u00e1ldico de Madrid.<\/p>\n\n\n<div class=\"wp-block-image fondo-imagen-azul\">\n<figure class=\"aligncenter size-large\"><img loading=\"lazy\" decoding=\"async\" width=\"1024\" height=\"576\" data-attachment-id=\"3536\" data-permalink=\"https:\/\/madrid.wordcamp.org\/2023\/una-osa-y-un-madrono-nuestro-logotipo\/img_20230713_175155\/\" data-orig-file=\"https:\/\/madrid.wordcamp.org\/2023\/files\/2023\/08\/IMG_20230713_175155-scaled.jpg\" data-orig-size=\"2560,1439\" data-comments-opened=\"1\" data-image-meta=\"{&quot;aperture&quot;:&quot;0&quot;,&quot;credit&quot;:&quot;&quot;,&quot;camera&quot;:&quot;&quot;,&quot;caption&quot;:&quot;&quot;,&quot;created_timestamp&quot;:&quot;0&quot;,&quot;copyright&quot;:&quot;&quot;,&quot;focal_length&quot;:&quot;0&quot;,&quot;iso&quot;:&quot;0&quot;,&quot;shutter_speed&quot;:&quot;0&quot;,&quot;title&quot;:&quot;&quot;,&quot;orientation&quot;:&quot;0&quot;}\" data-image-title=\"IMG_20230713_175155\" data-image-description=\"\" data-image-caption=\"\" data-large-file=\"https:\/\/madrid.wordcamp.org\/2023\/files\/2023\/08\/IMG_20230713_175155-1024x576.jpg\" src=\"https:\/\/madrid.wordcamp.org\/2023\/files\/2023\/08\/IMG_20230713_175155-1024x576.jpg\" alt=\"\" class=\"wp-image-3536\" srcset=\"https:\/\/madrid.wordcamp.org\/2023\/files\/2023\/08\/IMG_20230713_175155-1024x576.jpg 1024w, https:\/\/madrid.wordcamp.org\/2023\/files\/2023\/08\/IMG_20230713_175155-300x169.jpg 300w, https:\/\/madrid.wordcamp.org\/2023\/files\/2023\/08\/IMG_20230713_175155-768x432.jpg 768w, https:\/\/madrid.wordcamp.org\/2023\/files\/2023\/08\/IMG_20230713_175155-500x281.jpg 500w, https:\/\/madrid.wordcamp.org\/2023\/files\/2023\/08\/IMG_20230713_175155-1536x864.jpg 1536w, https:\/\/madrid.wordcamp.org\/2023\/files\/2023\/08\/IMG_20230713_175155-2048x1151.jpg 2048w, https:\/\/madrid.wordcamp.org\/2023\/files\/2023\/08\/IMG_20230713_175155-1200x675.jpg 1200w, https:\/\/madrid.wordcamp.org\/2023\/files\/2023\/08\/IMG_20230713_175155-1980x1113.jpg 1980w\" sizes=\"auto, (max-width: 1024px) 100vw, 1024px\" \/><\/figure>\n<\/div>\n\n\n<p class=\"wp-block-paragraph\">Pero, adem\u00e1s de en el escudo, podemos apreciar esa misma escena en una de las estampas m\u00e1s ic\u00f3nicas de Madrid: la escultura de piedra y bronce que se encuentra en la Puerta del Sol, de 4,72 m de altura (obra del escultor Antonio Narro Santaf\u00e9 en 1966).<\/p>\n\n\n\n<h2 class=\"wp-block-heading\">\u00bfPor qu\u00e9 una osa representa a Madrid?<\/h2>\n\n\n\n<p class=\"wp-block-paragraph\">El rey Alfonso VIII otorg\u00f3 el privilegio de usar un escudo a la Villa de Madrid como recompensa por su apoyo en la lucha contra los musulmanes en el a\u00f1o 1212. <\/p>\n\n\n\n<p class=\"wp-block-paragraph\">Fue en ese a\u00f1o cuando se celebr\u00f3 la famosa Batalla de las Navas de Tolosa, en la que Alfonso VIII cont\u00f3 con la participaci\u00f3n decisiva de las tropas madrile\u00f1as. <\/p>\n\n\n\n<p class=\"wp-block-paragraph\">Como reconocimiento a su valent\u00eda y lealtad, Alfonso VIII concedi\u00f3 a la Villa de Madrid el privilegio de portar un escudo. Esta concesi\u00f3n se considera el <strong>origen del famoso escudo de Madrid<\/strong>.<\/p>\n\n\n\n<p class=\"wp-block-paragraph\">Seg\u00fan diversas publicaciones, en la Edad Media, cuando se fund\u00f3 Madrid, era frecuente ver osos vagando por los l\u00edmites de la ciudad, por lo que, a la hora de elegir un animal para colocar en el escudo, este hubiera sido muy buena opci\u00f3n, ya que era muy normal relacionar ciudades con animales.<\/p>\n\n\n\n<p class=\"wp-block-paragraph\">Tambi\u00e9n cuentan las leyendas que fue el Rey Alfonso XII quien caz\u00f3 un oso de gran tama\u00f1o en los montes de El Pardo y que esta haza\u00f1a se convirti\u00f3 en una an\u00e9cdota legendaria que posteriormente contribuy\u00f3 a reforzar la imagen del oso como s\u00edmbolo de la ciudad de Madrid.<\/p>\n\n\n\n<p class=\"wp-block-paragraph\">Sin embargo, tenemos que tener en cuenta que el primer escudo con un oso data de 1212. Y Alfonso XII naci\u00f3 el 28 de noviembre de 1857 y falleci\u00f3 el 25 de noviembre de 1885, por lo que <strong>no tiene ning\u00fan sentido<\/strong> pensar que este hecho sea el que est\u00e9 representado en el escudo.<\/p>\n\n\n\n<h2 class=\"wp-block-heading\">\u00bfPor qu\u00e9 hay un madro\u00f1o junto a la osa?<\/h2>\n\n\n\n<p class=\"wp-block-paragraph\">Aunque a d\u00eda de hoy podemos ver a la osa erguida sobre el madro\u00f1o, no fue el s\u00edmbolo original. El primer escudo de armas de Madrid, de 1212, lo formaba una osa en actitud pasante con 7 estrellas plateadas dibujadas sobre su lomo.<\/p>\n\n\n<div class=\"wp-block-image\">\n<figure class=\"aligncenter size-full\"><img loading=\"lazy\" decoding=\"async\" width=\"226\" height=\"270\" data-attachment-id=\"1971\" data-permalink=\"https:\/\/madrid.wordcamp.org\/2023\/una-osa-y-un-madrono-nuestro-logotipo\/image\/\" data-orig-file=\"https:\/\/madrid.wordcamp.org\/2023\/files\/2023\/07\/image.png\" data-orig-size=\"226,270\" data-comments-opened=\"1\" data-image-meta=\"{&quot;aperture&quot;:&quot;0&quot;,&quot;credit&quot;:&quot;&quot;,&quot;camera&quot;:&quot;&quot;,&quot;caption&quot;:&quot;&quot;,&quot;created_timestamp&quot;:&quot;0&quot;,&quot;copyright&quot;:&quot;&quot;,&quot;focal_length&quot;:&quot;0&quot;,&quot;iso&quot;:&quot;0&quot;,&quot;shutter_speed&quot;:&quot;0&quot;,&quot;title&quot;:&quot;&quot;,&quot;orientation&quot;:&quot;0&quot;}\" data-image-title=\"image\" data-image-description=\"\" data-image-caption=\"\" data-large-file=\"https:\/\/madrid.wordcamp.org\/2023\/files\/2023\/07\/image.png\" src=\"https:\/\/madrid.wordcamp.org\/2023\/files\/2023\/07\/image.png\" alt=\"\" class=\"wp-image-1971\" \/><figcaption class=\"wp-element-caption\">Fuente: Wikipedia<\/figcaption><\/figure>\n<\/div>\n\n\n<p class=\"wp-block-paragraph\">Sin embargo, en 1222 el escudo se modific\u00f3 para representar el acuerdo al que se lleg\u00f3 <strong>entre la Villa de Madrid y el Cabildo de Curas y Beneficiarios<\/strong>, tras un largo litigio por el control de los bosques y los pastos que hab\u00eda en las tierras de Madrid.<\/p>\n\n\n\n<p class=\"wp-block-paragraph\">Tras este acuerdo, se determin\u00f3 que la Villa se quedar\u00eda con los bosques de la ciudad y el Cabildo con los pastos.<\/p>\n\n\n\n<p class=\"wp-block-paragraph\">As\u00ed, desde ese momento, un \u00e1rbol se incluy\u00f3 en el escudo y se cambi\u00f3 la postura de la osa, que quedar\u00eda erguida sobre el pie del \u00e1rbol, (representando su posesi\u00f3n) y las estrellas, que quedar\u00edan alrededor del escudo.<\/p>\n\n\n<div class=\"wp-block-image\">\n<figure class=\"aligncenter size-full is-resized\"><img loading=\"lazy\" decoding=\"async\" data-attachment-id=\"1974\" data-permalink=\"https:\/\/madrid.wordcamp.org\/2023\/una-osa-y-un-madrono-nuestro-logotipo\/escudo-madrid-1222\/\" data-orig-file=\"https:\/\/madrid.wordcamp.org\/2023\/files\/2023\/07\/escudo-madrid-1222.png\" data-orig-size=\"763,922\" data-comments-opened=\"1\" data-image-meta=\"{&quot;aperture&quot;:&quot;0&quot;,&quot;credit&quot;:&quot;&quot;,&quot;camera&quot;:&quot;&quot;,&quot;caption&quot;:&quot;&quot;,&quot;created_timestamp&quot;:&quot;0&quot;,&quot;copyright&quot;:&quot;&quot;,&quot;focal_length&quot;:&quot;0&quot;,&quot;iso&quot;:&quot;0&quot;,&quot;shutter_speed&quot;:&quot;0&quot;,&quot;title&quot;:&quot;&quot;,&quot;orientation&quot;:&quot;0&quot;}\" data-image-title=\"escudo-madrid-1222\" data-image-description=\"\" data-image-caption=\"\" data-large-file=\"https:\/\/madrid.wordcamp.org\/2023\/files\/2023\/07\/escudo-madrid-1222.png\" src=\"https:\/\/madrid.wordcamp.org\/2023\/files\/2023\/07\/escudo-madrid-1222.png\" alt=\"\" class=\"wp-image-1974\" style=\"width:191px;height:231px\" width=\"191\" height=\"231\" srcset=\"https:\/\/madrid.wordcamp.org\/2023\/files\/2023\/07\/escudo-madrid-1222.png 763w, https:\/\/madrid.wordcamp.org\/2023\/files\/2023\/07\/escudo-madrid-1222-248x300.png 248w\" sizes=\"auto, (max-width: 191px) 100vw, 191px\" \/><figcaption class=\"wp-element-caption\">Fuente: Wikipedia<\/figcaption><\/figure>\n<\/div>\n\n\n<p class=\"wp-block-paragraph\">Hay quien opina tambi\u00e9n que se decidi\u00f3 colocar al animal en esa posici\u00f3n, comi\u00e9ndose las hojas del \u00e1rbol, porque se pensaba que era un buen remedio contra la peste.<\/p>\n\n\n\n<p class=\"wp-block-paragraph\">Se desconoce en qu\u00e9 momento empez\u00f3 a afirmarse que el \u00e1rbol era un madro\u00f1o ya que, seg\u00fan los historiadores, no se trataba de una variedad aut\u00f3ctona en la \u00e9poca, ni tampoco pod\u00edan encontrarse de forma frecuente.<\/p>\n\n\n\n<p class=\"wp-block-paragraph\">Se piensa que el dibujante no defini\u00f3 en ese momento una especie concreta, sino simplemente un \u00e1rbol con unos frutos de color rojo, para que pudieran distinguirse sobre el color verde.<\/p>\n\n\n\n<p class=\"wp-block-paragraph\">A partir de ese momento, el escudo fue sufriendo distintas modificaciones, llegando a incluir una corona e incluso un drag\u00f3n&#8230; hasta llegar al que conocemos en la actualidad, que sigue manteniendo la misma simbolog\u00eda: una osa, un madro\u00f1o, siete estrellas y una corona.<\/p>\n\n\n<div class=\"wp-block-image\">\n<figure class=\"aligncenter size-large is-resized\"><img loading=\"lazy\" decoding=\"async\" data-attachment-id=\"1975\" data-permalink=\"https:\/\/madrid.wordcamp.org\/2023\/una-osa-y-un-madrono-nuestro-logotipo\/image-1\/\" data-orig-file=\"https:\/\/madrid.wordcamp.org\/2023\/files\/2023\/07\/image-1.png\" data-orig-size=\"800,1333\" data-comments-opened=\"1\" data-image-meta=\"{&quot;aperture&quot;:&quot;0&quot;,&quot;credit&quot;:&quot;&quot;,&quot;camera&quot;:&quot;&quot;,&quot;caption&quot;:&quot;&quot;,&quot;created_timestamp&quot;:&quot;0&quot;,&quot;copyright&quot;:&quot;&quot;,&quot;focal_length&quot;:&quot;0&quot;,&quot;iso&quot;:&quot;0&quot;,&quot;shutter_speed&quot;:&quot;0&quot;,&quot;title&quot;:&quot;&quot;,&quot;orientation&quot;:&quot;0&quot;}\" data-image-title=\"image-1\" data-image-description=\"\" data-image-caption=\"\" data-large-file=\"https:\/\/madrid.wordcamp.org\/2023\/files\/2023\/07\/image-1-615x1024.png\" src=\"https:\/\/madrid.wordcamp.org\/2023\/files\/2023\/07\/image-1-615x1024.png\" alt=\"\" class=\"wp-image-1975\" style=\"width:154px;height:256px\" width=\"154\" height=\"256\" srcset=\"https:\/\/madrid.wordcamp.org\/2023\/files\/2023\/07\/image-1-615x1024.png 615w, https:\/\/madrid.wordcamp.org\/2023\/files\/2023\/07\/image-1-180x300.png 180w, https:\/\/madrid.wordcamp.org\/2023\/files\/2023\/07\/image-1-768x1280.png 768w, https:\/\/madrid.wordcamp.org\/2023\/files\/2023\/07\/image-1.png 800w\" sizes=\"auto, (max-width: 154px) 100vw, 154px\" \/><figcaption class=\"wp-element-caption\">Fuente: Wikipedia<\/figcaption><\/figure>\n<\/div>\n\n\n<h2 class=\"wp-block-heading\">\u00bfEs un oso o una osa?<\/h2>\n\n\n\n<p class=\"wp-block-paragraph\">Desde hace algunos a\u00f1os surgi\u00f3 una pol\u00e9mica en torno al sexo del animal representado en el escudo de armas de Madrid, que comenz\u00f3 de la mano del&nbsp;<strong>Consejo de las Mujeres del Municipio de Madrid<\/strong>&nbsp;en 2007 y al que dieron voz convirti\u00e9ndolo en un gran debate, a trav\u00e9s de la campa\u00f1a \u201cSoy una osa\u201d.<\/p>\n\n\n\n<p class=\"wp-block-paragraph\">Varios historiadores relacionan la simbolog\u00eda del escudo con la Osa Mayor (tambi\u00e9n conocida como El Carro Mayor), bas\u00e1ndose en las 7 estrellas de plata que se dibujaron sobre su lomo y otras simbolog\u00edas.<\/p>\n\n\n\n<p class=\"wp-block-paragraph\">Incluso, hubo quien lleg\u00f3 a afirmar que la cola del animal apuntaba directamente hacia esta constelaci\u00f3n.<\/p>\n\n\n\n<p class=\"wp-block-paragraph\">En her\u00e1ldica, las hembras eran el s\u00edmbolo de la fecundidad y la abundancia.<\/p>\n\n\n\n<p class=\"wp-block-paragraph\">Por ese motivo, comenz\u00f3 a tomar cada vez mayor veracidad la idea de que el animal dibujado en el escudo de Madrid era una osa hembra.<\/p>\n\n\n\n<p class=\"wp-block-paragraph\">En cuanto a la mencionada escultura de bronce, situada en la Puerta del Sol, seg\u00fan cuenta Pepe Hern\u00e1ndez (presidente de su casa museo), el propio escultor Navarro Santaf\u00e9 explic\u00f3 en varias ocasiones que, para esculpir \u201cEl oso y el madro\u00f1o\u201d, se inspir\u00f3 en un macho, capturado en los Picos de Europa, que por aquel entonces estaba en la Casa de Fieras de El Retiro y que incluso le puse de nombre Felipe.<\/p>\n\n\n\n<p class=\"wp-block-paragraph\">Por lo que todo parece indicar que el oso de bronce erguido sobre el madro\u00f1o se trata de un macho.<\/p>\n\n\n\n<p class=\"wp-block-paragraph\">Pero, al igual que ocurre con los leones del Congreso de los Diputados de Madrid, el animal no cuenta con atributos masculinos visibles ya que, se presuponen ocultos entre su pelaje.<\/p>\n\n\n\n<h2 class=\"wp-block-heading\">\u00bfQu\u00e9 opinas?<\/h2>\n\n\n\n<p class=\"wp-block-paragraph\">No vamos a pedirte que opines si piensas que es un oso o una osa&#8230; porque como amantes de los animales, lo \u00fanico importante es que es un ser vivo y \u00a1lo queremos! y lo hemos adoptado como logotipo.<\/p>\n\n\n\n<p class=\"wp-block-paragraph\">Pero, \u00bfqu\u00e9 te parece nuestro logo? El equipo de dise\u00f1o se merece un reconocimiento y seguro que est\u00e1n encantadas de leer tu opini\u00f3n.<\/p>\n\n\n\n<p class=\"wp-block-paragraph\">Por cierto, no te pierdas nuestras pr\u00f3ximas publicaciones, porque nuestro Wapuu, en esta edici\u00f3n quiz\u00e1s acabe un poco \u00abborrach\u00edn\u00bb si no tenemos cuidado. \u00a1Ya sabr\u00e1s el motivo!<\/p>\n","protected":false},"excerpt":{"rendered":"<p>Todo tiene un por qu\u00e9 y nuestro logotipo tambi\u00e9n tiene su raz\u00f3n de ser. \u00bfTienes curiosidad? Te lo explicamos.<\/p>\n","protected":false},"author":15451467,"featured_media":3772,"comment_status":"open","ping_status":"closed","sticky":false,"template":"","format":"standard","meta":{"_crdt_document":"","advanced_seo_description":"","jetpack_seo_html_title":"","jetpack_seo_noindex":false,"jetpack_post_was_ever_published":false,"_jetpack_newsletter_access":"","_jetpack_dont_email_post_to_subs":false,"_jetpack_newsletter_tier_id":0,"_jetpack_memberships_contains_paywalled_content":false,"_jetpack_memberships_contains_paid_content":false,"footnotes":"","jetpack_publicize_message":"","jetpack_publicize_feature_enabled":true,"jetpack_social_post_already_shared":true,"jetpack_social_options":{"image_generator_settings":{"template":"highway","default_image_id":0,"font":"","enabled":false},"version":2}},"categories":[1079881],"tags":[],"class_list":["post-1962","post","type-post","status-publish","format-standard","has-post-thumbnail","hentry","category-curiosidades"],"jetpack_publicize_connections":[],"jetpack_featured_media_url":"https:\/\/madrid.wordcamp.org\/2023\/files\/2023\/09\/una-osa-y-un-madrono.png","jetpack_sharing_enabled":true,"_links":{"self":[{"href":"https:\/\/madrid.wordcamp.org\/2023\/wp-json\/wp\/v2\/posts\/1962","targetHints":{"allow":["GET"]}}],"collection":[{"href":"https:\/\/madrid.wordcamp.org\/2023\/wp-json\/wp\/v2\/posts"}],"about":[{"href":"https:\/\/madrid.wordcamp.org\/2023\/wp-json\/wp\/v2\/types\/post"}],"author":[{"embeddable":true,"href":"https:\/\/madrid.wordcamp.org\/2023\/wp-json\/wp\/v2\/users\/15451467"}],"replies":[{"embeddable":true,"href":"https:\/\/madrid.wordcamp.org\/2023\/wp-json\/wp\/v2\/comments?post=1962"}],"version-history":[{"count":14,"href":"https:\/\/madrid.wordcamp.org\/2023\/wp-json\/wp\/v2\/posts\/1962\/revisions"}],"predecessor-version":[{"id":3537,"href":"https:\/\/madrid.wordcamp.org\/2023\/wp-json\/wp\/v2\/posts\/1962\/revisions\/3537"}],"wp:featuredmedia":[{"embeddable":true,"href":"https:\/\/madrid.wordcamp.org\/2023\/wp-json\/wp\/v2\/media\/3772"}],"wp:attachment":[{"href":"https:\/\/madrid.wordcamp.org\/2023\/wp-json\/wp\/v2\/media?parent=1962"}],"wp:term":[{"taxonomy":"category","embeddable":true,"href":"https:\/\/madrid.wordcamp.org\/2023\/wp-json\/wp\/v2\/categories?post=1962"},{"taxonomy":"post_tag","embeddable":true,"href":"https:\/\/madrid.wordcamp.org\/2023\/wp-json\/wp\/v2\/tags?post=1962"}],"curies":[{"name":"wp","href":"https:\/\/api.w.org\/{rel}","templated":true}]}}